{"id":10073,"date":"2024-11-27T17:03:54","date_gmt":"2024-11-27T16:03:54","guid":{"rendered":"https:\/\/chouxdebruxelles.be\/?p=10073"},"modified":"2025-07-29T11:57:39","modified_gmt":"2025-07-29T09:57:39","slug":"comptoir-des-galeries","status":"publish","type":"post","link":"https:\/\/chouxdebruxelles.be\/fr\/lieux\/comptoir-des-galeries\/","title":{"rendered":"Comptoir des Galeries"},"content":{"rendered":"","protected":false},"excerpt":{"rendered":"<p>Un cadre central, modulable et \u00e9l\u00e9gant pour recevoir vos invit\u00e9s autour d\u2019un repas ou walking dinner, \u00e0 deux pas de la Grand-Place.<\/p>\n","protected":false},"author":1,"featured_media":10824,"comment_status":"open","ping_status":"open","sticky":false,"template":"","format":"standard","meta":{"_mo_disable_npp":"","footnotes":""},"categories":[41],"tags":[45],"_links":{"self":[{"href":"https:\/\/chouxdebruxelles.be\/fr\/wp-json\/wp\/v2\/posts\/10073"}],"collection":[{"href":"https:\/\/chouxdebruxelles.be\/fr\/wp-json\/wp\/v2\/posts"}],"about":[{"href":"https:\/\/chouxdebruxelles.be\/fr\/wp-json\/wp\/v2\/types\/post"}],"author":[{"embeddable":true,"href":"https:\/\/chouxdebruxelles.be\/fr\/wp-json\/wp\/v2\/users\/1"}],"replies":[{"embeddable":true,"href":"https:\/\/chouxdebruxelles.be\/fr\/wp-json\/wp\/v2\/comments?post=10073"}],"version-history":[{"count":2,"href":"https:\/\/chouxdebruxelles.be\/fr\/wp-json\/wp\/v2\/posts\/10073\/revisions"}],"predecessor-version":[{"id":12639,"href":"https:\/\/chouxdebruxelles.be\/fr\/wp-json\/wp\/v2\/posts\/10073\/revisions\/12639"}],"wp:featuredmedia":[{"embeddable":true,"href":"https:\/\/chouxdebruxelles.be\/fr\/wp-json\/wp\/v2\/media\/10824"}],"wp:attachment":[{"href":"https:\/\/chouxdebruxelles.be\/fr\/wp-json\/wp\/v2\/media?parent=10073"}],"wp:term":[{"taxonomy":"category","embeddable":true,"href":"https:\/\/chouxdebruxelles.be\/fr\/wp-json\/wp\/v2\/categories?post=10073"},{"taxonomy":"post_tag","embeddable":true,"href":"https:\/\/chouxdebruxelles.be\/fr\/wp-json\/wp\/v2\/tags?post=10073"}],"curies":[{"name":"wp","href":"https:\/\/api.w.org\/{rel}","templated":true}]}}