{"id":14488,"date":"2026-03-13T11:09:08","date_gmt":"2026-03-13T10:09:08","guid":{"rendered":"https:\/\/chouxdebruxelles.be\/?p=14488"},"modified":"2026-03-13T11:10:43","modified_gmt":"2026-03-13T10:10:43","slug":"patissierere-h-f-x","status":"publish","type":"post","link":"https:\/\/chouxdebruxelles.be\/fr\/jobs\/patissierere-h-f-x\/","title":{"rendered":"P\u00e2tissier(\u00e8re) (H, F, X)"},"content":{"rendered":"\t\t<div data-elementor-type=\"wp-post\" data-elementor-id=\"14488\" class=\"elementor elementor-14488\" data-elementor-post-type=\"post\">\n\t\t\t\t\t\t<section class=\"elementor-section elementor-top-section elementor-element elementor-element-0e92902 elementor-section-boxed elementor-section-height-default elementor-section-height-default\" data-id=\"0e92902\" data-element_type=\"section\">\n\t\t\t\t\t\t<div class=\"elementor-container elementor-column-gap-default\">\n\t\t\t\t\t<div class=\"elementor-column elementor-col-100 elementor-top-column elementor-element elementor-element-52d3142\" data-id=\"52d3142\" data-element_type=\"column\">\n\t\t\t<div class=\"elementor-widget-wrap elementor-element-populated\">\n\t\t\t\t\t\t<div class=\"elementor-element elementor-element-bc53c6d elementor-widget elementor-widget-text-editor\" data-id=\"bc53c6d\" data-element_type=\"widget\" data-widget_type=\"text-editor.default\">\n\t\t\t\t<div class=\"elementor-widget-container\">\n\t\t\t<style>\/*! elementor - v3.21.0 - 26-05-2024 *\/\n.elementor-widget-text-editor.elementor-drop-cap-view-stacked .elementor-drop-cap{background-color:#69727d;color:#fff}.elementor-widget-text-editor.elementor-drop-cap-view-framed .elementor-drop-cap{color:#69727d;border:3px solid;background-color:transparent}.elementor-widget-text-editor:not(.elementor-drop-cap-view-default) .elementor-drop-cap{margin-top:8px}.elementor-widget-text-editor:not(.elementor-drop-cap-view-default) .elementor-drop-cap-letter{width:1em;height:1em}.elementor-widget-text-editor .elementor-drop-cap{float:left;text-align:center;line-height:1;font-size:50px}.elementor-widget-text-editor .elementor-drop-cap-letter{display:inline-block}<\/style>\t\t\t\t<h2 style=\"height: 30px;\" aria-hidden=\"true\">Qui sommes-nous ?<\/h2>\nChoux de Bruxelles est une soci\u00e9t\u00e9 situ\u00e9e \u00e0 Etterbeek, au c\u0153ur de l\u2019Arsenal. Elle est active dans le domaine de l\u2019Horeca : services traiteurs, lieux pour \u00e9v\u00e9nements priv\u00e9s ou d\u2019entreprises, restaurants, h\u00f4tellerie, food-trucks,&#8230;\n<div style=\"height: 30px;\" aria-hidden=\"true\"><\/div>\n<h2>Qui cherchons-nous\u00a0?<\/h2>\nUn(e) <b>p\u00e2tissier(\u00e8re) passionn\u00e9(e)<\/b> avec 2 \u00e0 3 ans d\u2019exp\u00e9rience, capable de participer \u00e0 la cr\u00e9ation et \u00e0 la production de desserts pour nos \u00e9v\u00e9nements et prestations du traiteur<b>.<\/b>\n\nLe lieu de travail principal est situ\u00e9 \u00e0 <b>Schaerbeek<\/b>, \u00e0 proximit\u00e9 du Parc Josaphat.\n<div style=\"height: 30px;\" aria-hidden=\"true\"><\/div>\n<h2>Quelle sera ta mission ?<\/h2>\n<ul>\n \t<li>Tu participes \u00e0 la pr\u00e9paration et \u00e0 la r\u00e9alisation des desserts, p\u00e2tisseries et pi\u00e8ces sucr\u00e9es<\/li>\n \t<li>Tu contribues \u00e0 la mise en place des productions pour les \u00e9v\u00e9nements<\/li>\n \t<li>Tu assures la qualit\u00e9, la pr\u00e9cision et la r\u00e9gularit\u00e9 des pr\u00e9parations<\/li>\n \t<li>Tu participes \u00e0 la pr\u00e9paration des buffets et des desserts sur les lieux d\u2019\u00e9v\u00e8nements<\/li>\n \t<li>Tu accompagnes les \u00e9quipes lors de certains \u00e9v\u00e9nements<\/li>\n \t<li>Tu respectes les normes d\u2019hygi\u00e8ne, de s\u00e9curit\u00e9 et de conservation des produits<\/li>\n \t<li>Tu participes au maintien de la propret\u00e9 et de l\u2019organisation de l\u2019atelier de p\u00e2tisserie<\/li>\n<\/ul>\n<div style=\"height: 30px;\" aria-hidden=\"true\"><\/div>\n<h2>Quel est le profil recherch\u00e9\u00a0?<\/h2>\n<ul>\n \t<li>Tu as <b>2 \u00e0 3 ans d\u2019exp\u00e9rience<\/b> en p\u00e2tisserie (restaurant, traiteur ou \u00e9v\u00e9nementiel)<\/li>\n \t<li>Tu es <b>passionn\u00e9<\/b> par ton m\u00e9tier et <b>attentif aux d\u00e9tails<\/b><\/li>\n \t<li>Tu as de bonnes capacit\u00e9s <b>d\u2019adaptation aux changements<\/b> d\u00fb aux al\u00e9as des \u00e9v\u00e8nements<\/li>\n \t<li>Tu es organis\u00e9, efficace et tu as un r\u00e9el <b>esprit d\u2019\u00e9quipe<\/b><\/li>\n \t<li>Tu es <b>flexible au niveau des horaires<\/b> et tu t\u2019adaptes aux <b>pics d\u2019activit\u00e9<\/b> li\u00e9s \u00e0 l\u2019\u00e9v\u00e9nementiel<\/li>\n \t<li>Tu es capable de g\u00e9rer le rythme lors de <b>grosses productions<\/b><\/li>\n \t<li>Tu disposes d\u2019un <b>permis de conduire B<\/b><\/li>\n<\/ul>\n<div style=\"height: 30px;\" aria-hidden=\"true\">\n<\/div>\n<div style=\"height: 30px;\" aria-hidden=\"true\"><\/div>\n<h2>Notre offre\u00a0?<\/h2>\n<ul>\n \t<li>Un contrat \u00e0 <b>temps plein<\/b>, \u00e0 dur\u00e9e <b>ind\u00e9termin\u00e9e<\/b><\/li>\n \t<li>2 jours de cong\u00e9\/semaine (3 soirs travaill\u00e9s max\/semaine)<\/li>\n \t<li>Des horaires du lundi au samedi (occasionnellement le dimanche)<\/li>\n \t<li>Une r\u00e9mun\u00e9ration compos\u00e9e d\u2019un package salarial adapt\u00e9e \u00e0 ta formation et ton exp\u00e9rience<\/li>\n \t<li>Une opportunit\u00e9 de participer au d\u00e9veloppement de la soci\u00e9t\u00e9 avec comme ambition d\u2019\u00eatre le leader sur le march\u00e9 de l\u2019Horeca et de l\u2019Ev\u00e9nementiel<\/li>\n<\/ul>\n<div style=\"height: 30px;\" aria-hidden=\"true\"><\/div>\n<h2>Int\u00e9ress\u00e9(e)\u00a0?<\/h2>\nFais-nous d\u00e9couvrir tes motivations et tes comp\u00e9tences via une lettre de motivation (ou tout autre canal que tu trouveras pertinent) accompagn\u00e9e de ton CV.\n\nContact : vacature@chou.be\t\t\t\t\t\t<\/div>\n\t\t\t\t<\/div>\n\t\t\t\t\t<\/div>\n\t\t<\/div>\n\t\t\t\t\t<\/div>\n\t\t<\/section>\n\t\t\t\t<\/div>\n\t\t","protected":false},"excerpt":{"rendered":"<p>Qui sommes-nous ? Choux de Bruxelles est une soci\u00e9t\u00e9 situ\u00e9e \u00e0 Etterbeek, au c\u0153ur de l\u2019Arsenal. Elle est active dans le domaine de l\u2019Horeca : services traiteurs, lieux pour \u00e9v\u00e9nements priv\u00e9s ou d\u2019entreprises, restaurants, h\u00f4tellerie, food-trucks,&#8230; Qui cherchons-nous\u00a0? Un(e) p\u00e2tissier(\u00e8re) passionn\u00e9(e) avec 2 \u00e0 3 ans d\u2019exp\u00e9rience, capable de participer \u00e0 la cr\u00e9ation et \u00e0 [&hellip;]<\/p>\n","protected":false},"author":1,"featured_media":0,"comment_status":"closed","ping_status":"closed","sticky":false,"template":"","format":"standard","meta":{"_mo_disable_npp":"","footnotes":""},"categories":[8],"tags":[],"_links":{"self":[{"href":"https:\/\/chouxdebruxelles.be\/fr\/wp-json\/wp\/v2\/posts\/14488"}],"collection":[{"href":"https:\/\/chouxdebruxelles.be\/fr\/wp-json\/wp\/v2\/posts"}],"about":[{"href":"https:\/\/chouxdebruxelles.be\/fr\/wp-json\/wp\/v2\/types\/post"}],"author":[{"embeddable":true,"href":"https:\/\/chouxdebruxelles.be\/fr\/wp-json\/wp\/v2\/users\/1"}],"replies":[{"embeddable":true,"href":"https:\/\/chouxdebruxelles.be\/fr\/wp-json\/wp\/v2\/comments?post=14488"}],"version-history":[{"count":10,"href":"https:\/\/chouxdebruxelles.be\/fr\/wp-json\/wp\/v2\/posts\/14488\/revisions"}],"predecessor-version":[{"id":14499,"href":"https:\/\/chouxdebruxelles.be\/fr\/wp-json\/wp\/v2\/posts\/14488\/revisions\/14499"}],"wp:attachment":[{"href":"https:\/\/chouxdebruxelles.be\/fr\/wp-json\/wp\/v2\/media?parent=14488"}],"wp:term":[{"taxonomy":"category","embeddable":true,"href":"https:\/\/chouxdebruxelles.be\/fr\/wp-json\/wp\/v2\/categories?post=14488"},{"taxonomy":"post_tag","embeddable":true,"href":"https:\/\/chouxdebruxelles.be\/fr\/wp-json\/wp\/v2\/tags?post=14488"}],"curies":[{"name":"wp","href":"https:\/\/api.w.org\/{rel}","templated":true}]}}