{"id":768,"date":"2022-08-17T16:41:51","date_gmt":"2022-08-17T14:41:51","guid":{"rendered":"https:\/\/lets-celebrate.be\/choux\/?p=768"},"modified":"2023-09-27T16:25:56","modified_gmt":"2023-09-27T14:25:56","slug":"la-chaufferie","status":"publish","type":"post","link":"https:\/\/chouxdebruxelles.be\/fr\/lieux\/la-chaufferie\/","title":{"rendered":"La Chaufferie"},"content":{"rendered":"\n<div class=\"wp-block-columns is-layout-flex wp-container-core-columns-layout-1 wp-block-columns-is-layout-flex\">\n<div class=\"wp-block-column is-layout-flow wp-block-column-is-layout-flow\">\n<h2 class=\"wp-block-heading has-text-align-center\">Au c\u0153ur du site de l\u2019Arsenal<\/h2>\n\n\n\n<p class=\"has-text-align-center\">Un atout majeur et vert : il dispose d\u2019une terrasse et d\u2019un jardin privatif. On s\u2019y sent un peu \u00ab comme chez soi \u00bb et cet espace vou\u00e9 \u00e0 la convivialit\u00e9 s\u00e9duit par son ambiance chaleureuse et cosy. La Chaufferie peut \u00eatre coupl\u00e9e avec une autre de nos salles : l\u2019Arsenal. Il est id\u00e9al pour tous types d\u2019\u00e9v\u00e9nements r\u00e9unissant de 100 \u00e0 300 personnes.<\/p>\n\n\n\n<div style=\"height:20px\" aria-hidden=\"true\" class=\"wp-block-spacer\"><\/div>\n\n\n\n<figure class=\"wp-block-gallery alignwide has-nested-images columns-2 is-cropped wp-block-gallery-1 is-layout-flex wp-block-gallery-is-layout-flex\">\n<figure class=\"wp-block-image size-full\"><img loading=\"lazy\" decoding=\"async\" width=\"800\" height=\"568\" src=\"https:\/\/lets-celebrate.be\/choux\/wp-content\/uploads\/2022\/08\/chaufferie5.jpg\" alt=\"\" class=\"wp-image-773\" srcset=\"https:\/\/chouxdebruxelles.be\/wp-content\/uploads\/2022\/08\/chaufferie5.jpg 800w, https:\/\/chouxdebruxelles.be\/wp-content\/uploads\/2022\/08\/chaufferie5-300x213.jpg 300w, https:\/\/chouxdebruxelles.be\/wp-content\/uploads\/2022\/08\/chaufferie5-768x545.jpg 768w\" sizes=\"(max-width: 800px) 100vw, 800px\" \/><\/figure>\n\n\n\n<figure class=\"wp-block-image size-full\"><img loading=\"lazy\" decoding=\"async\" width=\"800\" height=\"568\" src=\"https:\/\/lets-celebrate.be\/choux\/wp-content\/uploads\/2022\/08\/chaufferie2.jpg\" alt=\"\" class=\"wp-image-772\" srcset=\"https:\/\/chouxdebruxelles.be\/wp-content\/uploads\/2022\/08\/chaufferie2.jpg 800w, https:\/\/chouxdebruxelles.be\/wp-content\/uploads\/2022\/08\/chaufferie2-300x213.jpg 300w, https:\/\/chouxdebruxelles.be\/wp-content\/uploads\/2022\/08\/chaufferie2-768x545.jpg 768w\" sizes=\"(max-width: 800px) 100vw, 800px\" \/><\/figure>\n<\/figure>\n\n\n\n<figure class=\"wp-block-gallery alignwide has-nested-images columns-2 is-cropped wp-block-gallery-2 is-layout-flex wp-block-gallery-is-layout-flex\">\n<figure class=\"wp-block-image size-full\"><img loading=\"lazy\" decoding=\"async\" width=\"800\" height=\"568\" src=\"https:\/\/lets-celebrate.be\/choux\/wp-content\/uploads\/2022\/08\/chafferie5.jpg\" alt=\"\" class=\"wp-image-770\" srcset=\"https:\/\/chouxdebruxelles.be\/wp-content\/uploads\/2022\/08\/chafferie5.jpg 800w, https:\/\/chouxdebruxelles.be\/wp-content\/uploads\/2022\/08\/chafferie5-300x213.jpg 300w, https:\/\/chouxdebruxelles.be\/wp-content\/uploads\/2022\/08\/chafferie5-768x545.jpg 768w\" sizes=\"(max-width: 800px) 100vw, 800px\" \/><\/figure>\n\n\n\n<figure class=\"wp-block-image size-full\"><img loading=\"lazy\" decoding=\"async\" width=\"800\" height=\"568\" src=\"https:\/\/lets-celebrate.be\/choux\/wp-content\/uploads\/2022\/08\/chafferie3.jpg\" alt=\"\" class=\"wp-image-769\" srcset=\"https:\/\/chouxdebruxelles.be\/wp-content\/uploads\/2022\/08\/chafferie3.jpg 800w, https:\/\/chouxdebruxelles.be\/wp-content\/uploads\/2022\/08\/chafferie3-300x213.jpg 300w, https:\/\/chouxdebruxelles.be\/wp-content\/uploads\/2022\/08\/chafferie3-768x545.jpg 768w\" sizes=\"(max-width: 800px) 100vw, 800px\" \/><\/figure>\n<\/figure>\n<\/div>\n<\/div>\n\n\n\n<div style=\"height:100px\" aria-hidden=\"true\" class=\"wp-block-spacer\"><\/div>\n\n\n\n<div class=\"wp-block-columns is-layout-flex wp-container-core-columns-layout-2 wp-block-columns-is-layout-flex\">\n<div class=\"wp-block-column is-layout-flow wp-block-column-is-layout-flow\">\n<h2 class=\"wp-block-heading\">Capacit\u00e9s<\/h2>\n\n\n\n<p>Assis | D\u00eener, Gala : 100-150<\/p>\n\n\n\n<p>Debout | Cocktail : 250-300<\/p>\n\n\n\n<p>Conf\u00e9rence, S\u00e9minaire : 100-150<\/p>\n<\/div>\n\n\n\n<div class=\"wp-block-column is-layout-flow wp-block-column-is-layout-flow\">\n<h2 class=\"wp-block-heading\">Superficies<\/h2>\n\n\n\n<p>Total : 450 m\u00b2<\/p>\n<\/div>\n\n\n\n<div class=\"wp-block-column is-layout-flow wp-block-column-is-layout-flow\">\n<h2 class=\"wp-block-heading\">Commodit\u00e9s<\/h2>\n\n\n\n<p>Cour &amp; Terrasse<\/p>\n\n\n\n<p>Acc\u00e8s personnes \u00e0 mobilit\u00e9 r\u00e9duite<\/p>\n\n\n\n<p>Mat\u00e9riel de conf\u00e9rence<\/p>\n<\/div>\n\n\n\n<div class=\"wp-block-column is-layout-flow wp-block-column-is-layout-flow\">\n<h2 class=\"wp-block-heading\">Sp\u00e9cificit\u00e9s<\/h2>\n\n\n\n<p>Cadre authentique<\/p>\n\n\n\n<p>Lieu contemporain<\/p>\n\n\n\n<p>Cosy<\/p>\n<\/div>\n<\/div>\n\n\n\n<div style=\"height:100px\" aria-hidden=\"true\" class=\"wp-block-spacer\"><\/div>\n\n\n\n<iframe src=\"https:\/\/www.google.com\/maps\/embed?pb=!1m18!1m12!1m3!1d630.0720458991246!2d4.39808629139875!3d50.825825751323045!2m3!1f0!2f0!3f0!3m2!1i1024!2i768!4f13.1!3m3!1m2!1s0x47c3c4b5c16c575f%3A0xbf7d97c6b4ab8dbf!2sLa%20Chaufferie!5e0!3m2!1sfr!2sbe!4v1660747273085!5m2!1sfr!2sbe\" width=\"600\" height=\"450\" style=\"filter:saturate(0)\" allowfullscreen=\"\" loading=\"lazy\" referrerpolicy=\"no-referrer-when-downgrade\"><\/iframe>\n","protected":false},"excerpt":{"rendered":"<p>Proche du quartier europ\u00e9en, La Chaufferie est un espace design fra\u00eechement r\u00e9nov\u00e9 qui propose 450 m\u00b2 r\u00e9partis sur plusieurs niveaux.<\/p>\n","protected":false},"author":1,"featured_media":771,"comment_status":"open","ping_status":"open","sticky":false,"template":"","format":"standard","meta":{"_mo_disable_npp":"","footnotes":""},"categories":[41],"tags":[45],"_links":{"self":[{"href":"https:\/\/chouxdebruxelles.be\/fr\/wp-json\/wp\/v2\/posts\/768"}],"collection":[{"href":"https:\/\/chouxdebruxelles.be\/fr\/wp-json\/wp\/v2\/posts"}],"about":[{"href":"https:\/\/chouxdebruxelles.be\/fr\/wp-json\/wp\/v2\/types\/post"}],"author":[{"embeddable":true,"href":"https:\/\/chouxdebruxelles.be\/fr\/wp-json\/wp\/v2\/users\/1"}],"replies":[{"embeddable":true,"href":"https:\/\/chouxdebruxelles.be\/fr\/wp-json\/wp\/v2\/comments?post=768"}],"version-history":[{"count":6,"href":"https:\/\/chouxdebruxelles.be\/fr\/wp-json\/wp\/v2\/posts\/768\/revisions"}],"predecessor-version":[{"id":9746,"href":"https:\/\/chouxdebruxelles.be\/fr\/wp-json\/wp\/v2\/posts\/768\/revisions\/9746"}],"wp:featuredmedia":[{"embeddable":true,"href":"https:\/\/chouxdebruxelles.be\/fr\/wp-json\/wp\/v2\/media\/771"}],"wp:attachment":[{"href":"https:\/\/chouxdebruxelles.be\/fr\/wp-json\/wp\/v2\/media?parent=768"}],"wp:term":[{"taxonomy":"category","embeddable":true,"href":"https:\/\/chouxdebruxelles.be\/fr\/wp-json\/wp\/v2\/categories?post=768"},{"taxonomy":"post_tag","embeddable":true,"href":"https:\/\/chouxdebruxelles.be\/fr\/wp-json\/wp\/v2\/tags?post=768"}],"curies":[{"name":"wp","href":"https:\/\/api.w.org\/{rel}","templated":true}]}}