{"id":776,"date":"2022-08-17T16:49:51","date_gmt":"2022-08-17T14:49:51","guid":{"rendered":"https:\/\/lets-celebrate.be\/choux\/?p=776"},"modified":"2025-09-18T10:07:58","modified_gmt":"2025-09-18T08:07:58","slug":"ferme-de-la-haillebaude","status":"publish","type":"post","link":"https:\/\/chouxdebruxelles.be\/fr\/lieux\/ferme-de-la-haillebaude\/","title":{"rendered":"Ferme de la Haillebaude"},"content":{"rendered":"\n<div class=\"wp-block-columns is-layout-flex wp-container-core-columns-layout-1 wp-block-columns-is-layout-flex\">\n<div class=\"wp-block-column is-layout-flow wp-block-column-is-layout-flow\">\n<h2 class=\"wp-block-heading has-text-align-center\">Le lieu champ\u00eatre<\/h2>\n\n\n\n<p class=\"has-text-align-center\">Elle a gard\u00e9 son charme d\u2019\u00e9poque en se dotant de facilit\u00e9s modernes pour s\u2019adapter \u00e0 vos projets. Elle est id\u00e9ale pour un mariage, une r\u00e9ception familiale, un s\u00e9minaire ou une r\u00e9union d\u2019affaires, un \u00e9v\u00e9nement corporate\u2026 A peine \u00e0 25 minutes de Bruxelles, il est possible de se sentir \u00ab vite au vert \u00bb.<\/p>\n\n\n\n<div style=\"height:20px\" aria-hidden=\"true\" class=\"wp-block-spacer\"><\/div>\n\n\n\n<figure class=\"wp-block-gallery alignwide has-nested-images columns-2 is-cropped wp-block-gallery-1 is-layout-flex wp-block-gallery-is-layout-flex\">\n<figure class=\"wp-block-image size-full\"><img loading=\"lazy\" decoding=\"async\" width=\"800\" height=\"568\" src=\"https:\/\/lets-celebrate.be\/choux\/wp-content\/uploads\/2022\/08\/haillebaude4.jpg\" alt=\"\" class=\"wp-image-362\" srcset=\"https:\/\/chouxdebruxelles.be\/wp-content\/uploads\/2022\/08\/haillebaude4.jpg 800w, https:\/\/chouxdebruxelles.be\/wp-content\/uploads\/2022\/08\/haillebaude4-300x213.jpg 300w, https:\/\/chouxdebruxelles.be\/wp-content\/uploads\/2022\/08\/haillebaude4-768x545.jpg 768w\" sizes=\"(max-width: 800px) 100vw, 800px\" \/><\/figure>\n\n\n\n<figure class=\"wp-block-image size-full\"><img loading=\"lazy\" decoding=\"async\" width=\"800\" height=\"568\" src=\"https:\/\/lets-celebrate.be\/choux\/wp-content\/uploads\/2022\/08\/haillebaude8.jpg\" alt=\"\" class=\"wp-image-366\" srcset=\"https:\/\/chouxdebruxelles.be\/wp-content\/uploads\/2022\/08\/haillebaude8.jpg 800w, https:\/\/chouxdebruxelles.be\/wp-content\/uploads\/2022\/08\/haillebaude8-300x213.jpg 300w, https:\/\/chouxdebruxelles.be\/wp-content\/uploads\/2022\/08\/haillebaude8-768x545.jpg 768w\" sizes=\"(max-width: 800px) 100vw, 800px\" \/><\/figure>\n<\/figure>\n\n\n\n<figure class=\"wp-block-gallery alignwide has-nested-images columns-2 is-cropped wp-block-gallery-2 is-layout-flex wp-block-gallery-is-layout-flex\">\n<figure class=\"wp-block-image size-full\"><img loading=\"lazy\" decoding=\"async\" width=\"800\" height=\"568\" src=\"https:\/\/lets-celebrate.be\/choux\/wp-content\/uploads\/2022\/08\/haillebaude5.jpg\" alt=\"\" class=\"wp-image-363\" srcset=\"https:\/\/chouxdebruxelles.be\/wp-content\/uploads\/2022\/08\/haillebaude5.jpg 800w, https:\/\/chouxdebruxelles.be\/wp-content\/uploads\/2022\/08\/haillebaude5-300x213.jpg 300w, https:\/\/chouxdebruxelles.be\/wp-content\/uploads\/2022\/08\/haillebaude5-768x545.jpg 768w\" sizes=\"(max-width: 800px) 100vw, 800px\" \/><\/figure>\n\n\n\n<figure class=\"wp-block-image size-full\"><img loading=\"lazy\" decoding=\"async\" width=\"800\" height=\"568\" src=\"https:\/\/lets-celebrate.be\/choux\/wp-content\/uploads\/2022\/08\/haillebaude2.jpg\" alt=\"\" class=\"wp-image-360\" srcset=\"https:\/\/chouxdebruxelles.be\/wp-content\/uploads\/2022\/08\/haillebaude2.jpg 800w, https:\/\/chouxdebruxelles.be\/wp-content\/uploads\/2022\/08\/haillebaude2-300x213.jpg 300w, https:\/\/chouxdebruxelles.be\/wp-content\/uploads\/2022\/08\/haillebaude2-768x545.jpg 768w\" sizes=\"(max-width: 800px) 100vw, 800px\" \/><\/figure>\n<\/figure>\n<\/div>\n<\/div>\n\n\n\n<div style=\"height:98px\" aria-hidden=\"true\" class=\"wp-block-spacer\"><\/div>\n\n\n\n<div class=\"wp-block-columns is-layout-flex wp-container-core-columns-layout-2 wp-block-columns-is-layout-flex\">\n<div class=\"wp-block-column is-layout-flow wp-block-column-is-layout-flow\">\n<h2 class=\"wp-block-heading\">Capacit\u00e9s<\/h2>\n\n\n\n<p>Assis | D\u00eener, Gala : 160<\/p>\n\n\n\n<p>Debout | Cocktail : 300<\/p>\n\n\n\n<p>Conf\u00e9rence, S\u00e9minaire : 150<\/p>\n<\/div>\n\n\n\n<div class=\"wp-block-column is-layout-flow wp-block-column-is-layout-flow\">\n<h2 class=\"wp-block-heading\">Superficies<\/h2>\n\n\n\n<p><strong>Total<\/strong>&nbsp;: 330 m\u00b2<\/p>\n\n\n\n<p>Grange : 250m\u00b2<\/p>\n\n\n\n<p>Salle de c\u00e9r\u00e9monie : 80m\u00b2<\/p>\n<\/div>\n\n\n\n<div class=\"wp-block-column is-layout-flow wp-block-column-is-layout-flow\">\n<h2 class=\"wp-block-heading\">Commodit\u00e9s<\/h2>\n\n\n\n<p>Son et lumi\u00e8res (base)<\/p>\n\n\n\n<p>Vaste parking<\/p>\n\n\n\n<p>Terrasse &amp; pergola<\/p>\n<\/div>\n\n\n\n<div class=\"wp-block-column is-layout-flow wp-block-column-is-layout-flow\">\n<h2 class=\"wp-block-heading\">Sp\u00e9cificit\u00e9s<\/h2>\n\n\n\n<p>Cadre authentique<\/p>\n\n\n\n<p>Espaces chaleureux <\/p>\n\n\n\n<p>En pleine nature<\/p>\n<\/div>\n<\/div>\n\n\n\n<div style=\"height:100px\" aria-hidden=\"true\" class=\"wp-block-spacer\"><\/div>\n\n\n\n<iframe src=\"https:\/\/www.google.com\/maps\/embed?pb=!1m18!1m12!1m3!1d630.0720458991246!2d4.39808629139875!3d50.825825751323045!2m3!1f0!2f0!3f0!3m2!1i1024!2i768!4f13.1!3m3!1m2!1s0x47c2348a3e8819a5%3A0xcb11bc11ba2d19a8!2sFerme%20de%20la%20Haillebaude!5e0!3m2!1sfr!2sbe!4v1660747638607!5m2!1sfr!2sbe\" width=\"600\" height=\"450\" style=\"filter:saturate(0)\" allowfullscreen=\"\" loading=\"lazy\" referrerpolicy=\"no-referrer-when-downgrade\"><\/iframe>\n","protected":false},"excerpt":{"rendered":"<p>La Ferme de la Haillebaude se situe aux portes du village de Feluy, \u00e0 l\u2019\u00e9cart de toute habitation. Au c\u0153ur de l\u2019entit\u00e9 de Seneffe, c\u00e9l\u00e8bre pour ces nombreux ch\u00e2teaux, cette ancienne ferme du 18\u00e8me si\u00e8cle a \u00e9t\u00e9 enti\u00e8rement r\u00e9nov\u00e9e.<\/p>\n","protected":false},"author":1,"featured_media":7214,"comment_status":"open","ping_status":"open","sticky":false,"template":"","format":"standard","meta":{"_mo_disable_npp":"","footnotes":""},"categories":[41],"tags":[45],"_links":{"self":[{"href":"https:\/\/chouxdebruxelles.be\/fr\/wp-json\/wp\/v2\/posts\/776"}],"collection":[{"href":"https:\/\/chouxdebruxelles.be\/fr\/wp-json\/wp\/v2\/posts"}],"about":[{"href":"https:\/\/chouxdebruxelles.be\/fr\/wp-json\/wp\/v2\/types\/post"}],"author":[{"embeddable":true,"href":"https:\/\/chouxdebruxelles.be\/fr\/wp-json\/wp\/v2\/users\/1"}],"replies":[{"embeddable":true,"href":"https:\/\/chouxdebruxelles.be\/fr\/wp-json\/wp\/v2\/comments?post=776"}],"version-history":[{"count":3,"href":"https:\/\/chouxdebruxelles.be\/fr\/wp-json\/wp\/v2\/posts\/776\/revisions"}],"predecessor-version":[{"id":13192,"href":"https:\/\/chouxdebruxelles.be\/fr\/wp-json\/wp\/v2\/posts\/776\/revisions\/13192"}],"wp:featuredmedia":[{"embeddable":true,"href":"https:\/\/chouxdebruxelles.be\/fr\/wp-json\/wp\/v2\/media\/7214"}],"wp:attachment":[{"href":"https:\/\/chouxdebruxelles.be\/fr\/wp-json\/wp\/v2\/media?parent=776"}],"wp:term":[{"taxonomy":"category","embeddable":true,"href":"https:\/\/chouxdebruxelles.be\/fr\/wp-json\/wp\/v2\/categories?post=776"},{"taxonomy":"post_tag","embeddable":true,"href":"https:\/\/chouxdebruxelles.be\/fr\/wp-json\/wp\/v2\/tags?post=776"}],"curies":[{"name":"wp","href":"https:\/\/api.w.org\/{rel}","templated":true}]}}