{"id":784,"date":"2022-08-17T16:57:15","date_gmt":"2022-08-17T14:57:15","guid":{"rendered":"https:\/\/lets-celebrate.be\/choux\/?p=784"},"modified":"2024-10-14T18:29:31","modified_gmt":"2024-10-14T16:29:31","slug":"maison-du-bois","status":"publish","type":"post","link":"https:\/\/chouxdebruxelles.be\/fr\/lieux\/maison-du-bois\/","title":{"rendered":"Maison du Bois"},"content":{"rendered":"","protected":false},"excerpt":{"rendered":"<p>Situ\u00e9e au c\u0153ur de Bruxelles sur le site de l\u2019Arsenal, la Maison du Bois est implant\u00e9e dans un complexe charg\u00e9 d\u2019histoire. Construits en 1927, ces anciens ateliers m\u00e9caniques accueillent aujourd\u2019hui un espace modulable et moderne d\u00e9di\u00e9 \u00e0 l\u2019\u00e9v\u00e9nementiel. Les volumes et mat\u00e9riaux originels ont \u00e9t\u00e9 conserv\u00e9s lors de la r\u00e9novation de ce lieu de 1300 m\u00b2.<\/p>\n","protected":false},"author":1,"featured_media":415,"comment_status":"open","ping_status":"open","sticky":false,"template":"","format":"standard","meta":{"_mo_disable_npp":"","footnotes":""},"categories":[41],"tags":[45],"_links":{"self":[{"href":"https:\/\/chouxdebruxelles.be\/fr\/wp-json\/wp\/v2\/posts\/784"}],"collection":[{"href":"https:\/\/chouxdebruxelles.be\/fr\/wp-json\/wp\/v2\/posts"}],"about":[{"href":"https:\/\/chouxdebruxelles.be\/fr\/wp-json\/wp\/v2\/types\/post"}],"author":[{"embeddable":true,"href":"https:\/\/chouxdebruxelles.be\/fr\/wp-json\/wp\/v2\/users\/1"}],"replies":[{"embeddable":true,"href":"https:\/\/chouxdebruxelles.be\/fr\/wp-json\/wp\/v2\/comments?post=784"}],"version-history":[{"count":5,"href":"https:\/\/chouxdebruxelles.be\/fr\/wp-json\/wp\/v2\/posts\/784\/revisions"}],"predecessor-version":[{"id":9781,"href":"https:\/\/chouxdebruxelles.be\/fr\/wp-json\/wp\/v2\/posts\/784\/revisions\/9781"}],"wp:featuredmedia":[{"embeddable":true,"href":"https:\/\/chouxdebruxelles.be\/fr\/wp-json\/wp\/v2\/media\/415"}],"wp:attachment":[{"href":"https:\/\/chouxdebruxelles.be\/fr\/wp-json\/wp\/v2\/media?parent=784"}],"wp:term":[{"taxonomy":"category","embeddable":true,"href":"https:\/\/chouxdebruxelles.be\/fr\/wp-json\/wp\/v2\/categories?post=784"},{"taxonomy":"post_tag","embeddable":true,"href":"https:\/\/chouxdebruxelles.be\/fr\/wp-json\/wp\/v2\/tags?post=784"}],"curies":[{"name":"wp","href":"https:\/\/api.w.org\/{rel}","templated":true}]}}